{"id":741,"date":"2020-03-28T01:29:01","date_gmt":"2020-03-28T00:29:01","guid":{"rendered":"http:\/\/www.jonathan-perrot.ch\/?p=741"},"modified":"2020-03-28T01:29:01","modified_gmt":"2020-03-28T00:29:01","slug":"drone-phantom4-au-parc-des-bastions-geneve-et-cafe-grutli","status":"publish","type":"post","link":"http:\/\/chuchoter.ch\/?p=741","title":{"rendered":"[DRONE] Phantom4 au Parc des Bastions Gen\u00e8ve et Caf\u00e9 Gr\u00fctli"},"content":{"rendered":"\n<figure class=\"wp-block-embed-youtube wp-block-embed is-type-video is-provider-youtube wp-embed-aspect-16-9 wp-has-aspect-ratio\"><div class=\"wp-block-embed__wrapper\">\n<iframe loading=\"lazy\" title=\"Phantom4 au Parc des Bastions Gen\u00e8ve et Caf\u00e9 Gr\u00fctli\" width=\"1200\" height=\"675\" src=\"https:\/\/www.youtube.com\/embed\/nUMOISzSjLQ?feature=oembed\" frameborder=\"0\" allow=\"accelerometer; autoplay; clipboard-write; encrypted-media; gyroscope; picture-in-picture; web-share\" referrerpolicy=\"strict-origin-when-cross-origin\" allowfullscreen><\/iframe>\n<\/div><figcaption>Phantom4 au Parc des Bastions Gen\u00e8ve et Caf\u00e9 Gr\u00fctli<\/figcaption><\/figure>\n","protected":false},"excerpt":{"rendered":"","protected":false},"author":2,"featured_media":744,"comment_status":"closed","ping_status":"closed","sticky":false,"template":"","format":"standard","meta":{"footnotes":""},"categories":[144],"tags":[],"class_list":["post-741","post","type-post","status-publish","format-standard","has-post-thumbnail","hentry","category-vues-aeriennes"],"_links":{"self":[{"href":"http:\/\/chuchoter.ch\/index.php?rest_route=\/wp\/v2\/posts\/741","targetHints":{"allow":["GET"]}}],"collection":[{"href":"http:\/\/chuchoter.ch\/index.php?rest_route=\/wp\/v2\/posts"}],"about":[{"href":"http:\/\/chuchoter.ch\/index.php?rest_route=\/wp\/v2\/types\/post"}],"author":[{"embeddable":true,"href":"http:\/\/chuchoter.ch\/index.php?rest_route=\/wp\/v2\/users\/2"}],"replies":[{"embeddable":true,"href":"http:\/\/chuchoter.ch\/index.php?rest_route=%2Fwp%2Fv2%2Fcomments&post=741"}],"version-history":[{"count":0,"href":"http:\/\/chuchoter.ch\/index.php?rest_route=\/wp\/v2\/posts\/741\/revisions"}],"wp:featuredmedia":[{"embeddable":true,"href":"http:\/\/chuchoter.ch\/index.php?rest_route=\/wp\/v2\/media\/744"}],"wp:attachment":[{"href":"http:\/\/chuchoter.ch\/index.php?rest_route=%2Fwp%2Fv2%2Fmedia&parent=741"}],"wp:term":[{"taxonomy":"category","embeddable":true,"href":"http:\/\/chuchoter.ch\/index.php?rest_route=%2Fwp%2Fv2%2Fcategories&post=741"},{"taxonomy":"post_tag","embeddable":true,"href":"http:\/\/chuchoter.ch\/index.php?rest_route=%2Fwp%2Fv2%2Ftags&post=741"}],"curies":[{"name":"wp","href":"https:\/\/api.w.org\/{rel}","templated":true}]}}